{"id":928,"date":"2023-06-25T10:14:27","date_gmt":"2023-06-25T08:14:27","guid":{"rendered":"https:\/\/pgdbegunje.si\/?p=928"},"modified":"2023-06-25T10:14:27","modified_gmt":"2023-06-25T08:14:27","slug":"928","status":"publish","type":"post","link":"https:\/\/pgdbegunje.si\/?p=928","title":{"rendered":""},"content":{"rendered":"\n<p>V soboto, 24.6.2023,  smo se \u010dlani PGD Begunje pri Cerknici udele\u017eili praznovanja 100 -te obletnice PGD Dolenje Jezero. <strong>\u010cestitke za tak jubilej!<\/strong><\/p>\n\n\n\n<p><img loading=\"lazy\" decoding=\"async\" height=\"16\" width=\"16\" src=\"https:\/\/static.xx.fbcdn.net\/images\/emoji.php\/v9\/ta9\/1.5\/16\/1f525.png\" alt=\"&#x1f525;\">Nato so operativni \u010dlani dru\u0161tva od\u0161li na po\u017earno stra\u017eo ob kresu, ki so ga pripravili \u010dlani Turisti\u010dnega dru\u0161tva Meni\u0161ija.<\/p>\n\n\n\n<p>&#8230;pester in zanimiv dan&#8230;<\/p>\n\n\n\n<div class=\"wp-block-group has-global-padding is-layout-constrained wp-block-group-is-layout-constrained\">\n<div class=\"wp-block-columns is-layout-flex wp-container-core-columns-is-layout-28f84493 wp-block-columns-is-layout-flex\">\n<div class=\"wp-block-column is-layout-flow wp-block-column-is-layout-flow\" style=\"flex-basis:100%\"><\/div>\n<\/div>\n<\/div>\n\n\n\n<figure class=\"wp-block-image aligncenter size-large\"><img loading=\"lazy\" decoding=\"async\" width=\"1024\" height=\"768\" src=\"https:\/\/pgdbegunje.si\/wp-content\/uploads\/2023\/06\/20230624_205215-1-1024x768.jpg\" alt=\"\" class=\"wp-image-930\" srcset=\"https:\/\/pgdbegunje.si\/wp-content\/uploads\/2023\/06\/20230624_205215-1-1024x768.jpg 1024w, https:\/\/pgdbegunje.si\/wp-content\/uploads\/2023\/06\/20230624_205215-1-300x225.jpg 300w, https:\/\/pgdbegunje.si\/wp-content\/uploads\/2023\/06\/20230624_205215-1-768x576.jpg 768w, https:\/\/pgdbegunje.si\/wp-content\/uploads\/2023\/06\/20230624_205215-1-1536x1152.jpg 1536w, https:\/\/pgdbegunje.si\/wp-content\/uploads\/2023\/06\/20230624_205215-1-2048x1536.jpg 2048w\" sizes=\"auto, (max-width: 1024px) 100vw, 1024px\" \/><\/figure>\n","protected":false},"excerpt":{"rendered":"<p>V soboto, 24.6.2023, smo se \u010dlani PGD Begunje pri Cerknici udele\u017eili praznovanja 100 -te obletnice&#8230;<\/p>\n","protected":false},"author":6,"featured_media":0,"comment_status":"closed","ping_status":"closed","sticky":false,"template":"","format":"standard","meta":{"footnotes":""},"categories":[1],"tags":[110,22,175,174],"class_list":["post-928","post","type-post","status-publish","format-standard","hentry","category-brez","tag-100-let","tag-begunje","tag-pgd-dolenje-jezero","tag-pozarna-straza"],"_links":{"self":[{"href":"https:\/\/pgdbegunje.si\/index.php?rest_route=\/wp\/v2\/posts\/928","targetHints":{"allow":["GET"]}}],"collection":[{"href":"https:\/\/pgdbegunje.si\/index.php?rest_route=\/wp\/v2\/posts"}],"about":[{"href":"https:\/\/pgdbegunje.si\/index.php?rest_route=\/wp\/v2\/types\/post"}],"author":[{"embeddable":true,"href":"https:\/\/pgdbegunje.si\/index.php?rest_route=\/wp\/v2\/users\/6"}],"replies":[{"embeddable":true,"href":"https:\/\/pgdbegunje.si\/index.php?rest_route=%2Fwp%2Fv2%2Fcomments&post=928"}],"version-history":[{"count":1,"href":"https:\/\/pgdbegunje.si\/index.php?rest_route=\/wp\/v2\/posts\/928\/revisions"}],"predecessor-version":[{"id":931,"href":"https:\/\/pgdbegunje.si\/index.php?rest_route=\/wp\/v2\/posts\/928\/revisions\/931"}],"wp:attachment":[{"href":"https:\/\/pgdbegunje.si\/index.php?rest_route=%2Fwp%2Fv2%2Fmedia&parent=928"}],"wp:term":[{"taxonomy":"category","embeddable":true,"href":"https:\/\/pgdbegunje.si\/index.php?rest_route=%2Fwp%2Fv2%2Fcategories&post=928"},{"taxonomy":"post_tag","embeddable":true,"href":"https:\/\/pgdbegunje.si\/index.php?rest_route=%2Fwp%2Fv2%2Ftags&post=928"}],"curies":[{"name":"wp","href":"https:\/\/api.w.org\/{rel}","templated":true}]}}