{"id":689,"date":"2022-07-10T16:26:40","date_gmt":"2022-07-10T14:26:40","guid":{"rendered":"http:\/\/pgdbegunje.si\/?p=689"},"modified":"2025-05-27T15:48:06","modified_gmt":"2025-05-27T14:48:06","slug":"svecana-seja","status":"publish","type":"post","link":"https:\/\/pgdbegunje.si\/?p=689","title":{"rendered":"sve\u010dana seja"},"content":{"rendered":"\n<p>V soboto 9.7.2022 ob 18h je v prostorih gasilskega doma potekala sve\u010dana seja ob 100 letnici delovanja dru\u0161tva. Na seji so bila podeljena odlikovanja in priznanja za aktivne \u010dlane, dru\u0161tva ter ob\u010dane.<\/p>\n\n\n\n<figure class=\"wp-block-image aligncenter size-large\"><a href=\"https:\/\/pgdbegunje.si\/wp-content\/uploads\/2022\/07\/IMG_4434-scaled.jpg\"><img loading=\"lazy\" decoding=\"async\" width=\"1024\" height=\"768\" src=\"https:\/\/pgdbegunje.si\/wp-content\/uploads\/2022\/07\/IMG_4434-1024x768.jpg\" alt=\"\" class=\"wp-image-691\" srcset=\"https:\/\/pgdbegunje.si\/wp-content\/uploads\/2022\/07\/IMG_4434-1024x768.jpg 1024w, https:\/\/pgdbegunje.si\/wp-content\/uploads\/2022\/07\/IMG_4434-300x225.jpg 300w, https:\/\/pgdbegunje.si\/wp-content\/uploads\/2022\/07\/IMG_4434-768x576.jpg 768w, https:\/\/pgdbegunje.si\/wp-content\/uploads\/2022\/07\/IMG_4434-1536x1152.jpg 1536w, https:\/\/pgdbegunje.si\/wp-content\/uploads\/2022\/07\/IMG_4434-2048x1536.jpg 2048w\" sizes=\"auto, (max-width: 1024px) 100vw, 1024px\" \/><\/a><\/figure>\n\n\n\n<figure class=\"wp-block-image aligncenter size-large\"><a href=\"https:\/\/pgdbegunje.si\/wp-content\/uploads\/2022\/07\/IMG_4437-scaled.jpg\"><img loading=\"lazy\" decoding=\"async\" width=\"1024\" height=\"768\" src=\"https:\/\/pgdbegunje.si\/wp-content\/uploads\/2022\/07\/IMG_4437-1024x768.jpg\" alt=\"\" class=\"wp-image-692\" srcset=\"https:\/\/pgdbegunje.si\/wp-content\/uploads\/2022\/07\/IMG_4437-1024x768.jpg 1024w, https:\/\/pgdbegunje.si\/wp-content\/uploads\/2022\/07\/IMG_4437-300x225.jpg 300w, https:\/\/pgdbegunje.si\/wp-content\/uploads\/2022\/07\/IMG_4437-768x576.jpg 768w, https:\/\/pgdbegunje.si\/wp-content\/uploads\/2022\/07\/IMG_4437-1536x1152.jpg 1536w, https:\/\/pgdbegunje.si\/wp-content\/uploads\/2022\/07\/IMG_4437-2048x1536.jpg 2048w\" sizes=\"auto, (max-width: 1024px) 100vw, 1024px\" \/><\/a><\/figure>\n","protected":false},"excerpt":{"rendered":"<p>V soboto 9.7.2022 ob 18h je v prostorih gasilskega doma potekala sve\u010dana seja ob 100&#8230;<\/p>\n","protected":false},"author":7,"featured_media":0,"comment_status":"closed","ping_status":"closed","sticky":false,"template":"","format":"standard","meta":{"footnotes":""},"categories":[1],"tags":[132,128,131],"class_list":["post-689","post","type-post","status-publish","format-standard","hentry","category-brez","tag-100-letnica","tag-proslava","tag-svecana-seja"],"_links":{"self":[{"href":"https:\/\/pgdbegunje.si\/index.php?rest_route=\/wp\/v2\/posts\/689","targetHints":{"allow":["GET"]}}],"collection":[{"href":"https:\/\/pgdbegunje.si\/index.php?rest_route=\/wp\/v2\/posts"}],"about":[{"href":"https:\/\/pgdbegunje.si\/index.php?rest_route=\/wp\/v2\/types\/post"}],"author":[{"embeddable":true,"href":"https:\/\/pgdbegunje.si\/index.php?rest_route=\/wp\/v2\/users\/7"}],"replies":[{"embeddable":true,"href":"https:\/\/pgdbegunje.si\/index.php?rest_route=%2Fwp%2Fv2%2Fcomments&post=689"}],"version-history":[{"count":3,"href":"https:\/\/pgdbegunje.si\/index.php?rest_route=\/wp\/v2\/posts\/689\/revisions"}],"predecessor-version":[{"id":694,"href":"https:\/\/pgdbegunje.si\/index.php?rest_route=\/wp\/v2\/posts\/689\/revisions\/694"}],"wp:attachment":[{"href":"https:\/\/pgdbegunje.si\/index.php?rest_route=%2Fwp%2Fv2%2Fmedia&parent=689"}],"wp:term":[{"taxonomy":"category","embeddable":true,"href":"https:\/\/pgdbegunje.si\/index.php?rest_route=%2Fwp%2Fv2%2Fcategories&post=689"},{"taxonomy":"post_tag","embeddable":true,"href":"https:\/\/pgdbegunje.si\/index.php?rest_route=%2Fwp%2Fv2%2Ftags&post=689"}],"curies":[{"name":"wp","href":"https:\/\/api.w.org\/{rel}","templated":true}]}}