{"id":612,"date":"2022-02-10T17:46:00","date_gmt":"2022-02-10T16:46:00","guid":{"rendered":"http:\/\/pgdbegunje.si\/?p=612"},"modified":"2025-05-27T15:48:51","modified_gmt":"2025-05-27T14:48:51","slug":"obisk-vlade","status":"publish","type":"post","link":"https:\/\/pgdbegunje.si\/?p=612","title":{"rendered":"Obisk vlade"},"content":{"rendered":"\n<p>Ob obisku vlade primorsko-notranjske regije je na\u0161e dru\u0161tvo obiskal Minister za obrambo Matej Tonin. Ob praznovanju 100-letnice dru\u0161tva nam je izro\u010dil tudi spominsko plaketo ministra za obrambo ter se nam zahvalil za dosedanje delo.<\/p>\n\n\n\n<p><em>Bo\u0161tjan<\/em><\/p>\n\n\n\n<div class=\"wp-block-image\"><figure class=\"aligncenter size-large\"><a href=\"https:\/\/pgdbegunje.si\/wp-content\/uploads\/2022\/02\/IMG-1f75b4deddcfd591b35141da7e6e5a45-V.jpg\"><img loading=\"lazy\" decoding=\"async\" width=\"1024\" height=\"768\" src=\"https:\/\/pgdbegunje.si\/wp-content\/uploads\/2022\/02\/IMG-1f75b4deddcfd591b35141da7e6e5a45-V-1024x768.jpg\" alt=\"\" class=\"wp-image-617\" srcset=\"https:\/\/pgdbegunje.si\/wp-content\/uploads\/2022\/02\/IMG-1f75b4deddcfd591b35141da7e6e5a45-V-1024x768.jpg 1024w, https:\/\/pgdbegunje.si\/wp-content\/uploads\/2022\/02\/IMG-1f75b4deddcfd591b35141da7e6e5a45-V-300x225.jpg 300w, https:\/\/pgdbegunje.si\/wp-content\/uploads\/2022\/02\/IMG-1f75b4deddcfd591b35141da7e6e5a45-V-768x576.jpg 768w, https:\/\/pgdbegunje.si\/wp-content\/uploads\/2022\/02\/IMG-1f75b4deddcfd591b35141da7e6e5a45-V-1536x1152.jpg 1536w, https:\/\/pgdbegunje.si\/wp-content\/uploads\/2022\/02\/IMG-1f75b4deddcfd591b35141da7e6e5a45-V.jpg 1600w\" sizes=\"auto, (max-width: 1024px) 100vw, 1024px\" \/><\/a><\/figure><\/div>\n\n\n\n<div class=\"wp-block-image\"><figure class=\"aligncenter size-large\"><a href=\"https:\/\/pgdbegunje.si\/wp-content\/uploads\/2022\/02\/slika-4.jpg\"><img loading=\"lazy\" decoding=\"async\" width=\"1024\" height=\"768\" src=\"https:\/\/pgdbegunje.si\/wp-content\/uploads\/2022\/02\/slika-4-1024x768.jpg\" alt=\"\" class=\"wp-image-618\" srcset=\"https:\/\/pgdbegunje.si\/wp-content\/uploads\/2022\/02\/slika-4-1024x768.jpg 1024w, https:\/\/pgdbegunje.si\/wp-content\/uploads\/2022\/02\/slika-4-300x225.jpg 300w, https:\/\/pgdbegunje.si\/wp-content\/uploads\/2022\/02\/slika-4-768x576.jpg 768w, https:\/\/pgdbegunje.si\/wp-content\/uploads\/2022\/02\/slika-4.jpg 1440w\" sizes=\"auto, (max-width: 1024px) 100vw, 1024px\" \/><\/a><\/figure><\/div>\n\n\n\n<div class=\"wp-block-image\"><figure class=\"aligncenter size-large\"><a href=\"https:\/\/pgdbegunje.si\/wp-content\/uploads\/2022\/02\/IMG-3ed82131de328f55c38abf5599f46d9c-V.jpg\"><img loading=\"lazy\" decoding=\"async\" width=\"762\" height=\"1024\" src=\"https:\/\/pgdbegunje.si\/wp-content\/uploads\/2022\/02\/IMG-3ed82131de328f55c38abf5599f46d9c-V-762x1024.jpg\" alt=\"\" class=\"wp-image-619\" srcset=\"https:\/\/pgdbegunje.si\/wp-content\/uploads\/2022\/02\/IMG-3ed82131de328f55c38abf5599f46d9c-V-762x1024.jpg 762w, https:\/\/pgdbegunje.si\/wp-content\/uploads\/2022\/02\/IMG-3ed82131de328f55c38abf5599f46d9c-V-223x300.jpg 223w, https:\/\/pgdbegunje.si\/wp-content\/uploads\/2022\/02\/IMG-3ed82131de328f55c38abf5599f46d9c-V-768x1032.jpg 768w, https:\/\/pgdbegunje.si\/wp-content\/uploads\/2022\/02\/IMG-3ed82131de328f55c38abf5599f46d9c-V-1143x1536.jpg 1143w, https:\/\/pgdbegunje.si\/wp-content\/uploads\/2022\/02\/IMG-3ed82131de328f55c38abf5599f46d9c-V.jpg 1190w\" sizes=\"auto, (max-width: 762px) 100vw, 762px\" \/><\/a><\/figure><\/div>\n","protected":false},"excerpt":{"rendered":"<p>Ob obisku vlade primorsko-notranjske regije je na\u0161e dru\u0161tvo obiskal Minister za obrambo Matej Tonin. Ob&#8230;<\/p>\n","protected":false},"author":7,"featured_media":0,"comment_status":"closed","ping_status":"closed","sticky":false,"template":"","format":"standard","meta":{"footnotes":""},"categories":[1],"tags":[115,117,116],"class_list":["post-612","post","type-post","status-publish","format-standard","hentry","category-brez","tag-obisk","tag-obisk-vlade-rs","tag-vlada"],"_links":{"self":[{"href":"https:\/\/pgdbegunje.si\/index.php?rest_route=\/wp\/v2\/posts\/612","targetHints":{"allow":["GET"]}}],"collection":[{"href":"https:\/\/pgdbegunje.si\/index.php?rest_route=\/wp\/v2\/posts"}],"about":[{"href":"https:\/\/pgdbegunje.si\/index.php?rest_route=\/wp\/v2\/types\/post"}],"author":[{"embeddable":true,"href":"https:\/\/pgdbegunje.si\/index.php?rest_route=\/wp\/v2\/users\/7"}],"replies":[{"embeddable":true,"href":"https:\/\/pgdbegunje.si\/index.php?rest_route=%2Fwp%2Fv2%2Fcomments&post=612"}],"version-history":[{"count":4,"href":"https:\/\/pgdbegunje.si\/index.php?rest_route=\/wp\/v2\/posts\/612\/revisions"}],"predecessor-version":[{"id":620,"href":"https:\/\/pgdbegunje.si\/index.php?rest_route=\/wp\/v2\/posts\/612\/revisions\/620"}],"wp:attachment":[{"href":"https:\/\/pgdbegunje.si\/index.php?rest_route=%2Fwp%2Fv2%2Fmedia&parent=612"}],"wp:term":[{"taxonomy":"category","embeddable":true,"href":"https:\/\/pgdbegunje.si\/index.php?rest_route=%2Fwp%2Fv2%2Fcategories&post=612"},{"taxonomy":"post_tag","embeddable":true,"href":"https:\/\/pgdbegunje.si\/index.php?rest_route=%2Fwp%2Fv2%2Ftags&post=612"}],"curies":[{"name":"wp","href":"https:\/\/api.w.org\/{rel}","templated":true}]}}