{"id":428,"date":"2020-02-19T12:09:36","date_gmt":"2020-02-19T11:09:36","guid":{"rendered":"https:\/\/pgdbegunje.si\/?p=428"},"modified":"2025-05-27T15:50:34","modified_gmt":"2025-05-27T14:50:34","slug":"obcni-zbor","status":"publish","type":"post","link":"https:\/\/pgdbegunje.si\/?p=428","title":{"rendered":"Ob\u010dni zbor"},"content":{"rendered":"\n<p>15.2. ob 18. uri je dru\u0161tvo organiziralo redni letni Ob\u010dni zbor. Prebrana so bila poro\u010dila, ter podani plani za delo in nabavo opreme za leto 2020. Na zboru so bila podeljena priznanja, med drugim tudi prvi naziv \u010dastnega \u010dlana PGD Begunje. Anton Ro\u017eanc je bil imenovan za \u010dastnega poveljnika.<\/p>\n\n\n\n<div class=\"wp-block-image\"><figure class=\"aligncenter size-large\"><a href=\"https:\/\/pgdbegunje.si\/wp-content\/uploads\/2020\/02\/20200215_190624_resize.jpg\"><img loading=\"lazy\" decoding=\"async\" width=\"1024\" height=\"576\" src=\"https:\/\/pgdbegunje.si\/wp-content\/uploads\/2020\/02\/20200215_190624_resize-1024x576.jpg\" alt=\"\" class=\"wp-image-432\" srcset=\"https:\/\/pgdbegunje.si\/wp-content\/uploads\/2020\/02\/20200215_190624_resize-1024x576.jpg 1024w, https:\/\/pgdbegunje.si\/wp-content\/uploads\/2020\/02\/20200215_190624_resize-300x169.jpg 300w, https:\/\/pgdbegunje.si\/wp-content\/uploads\/2020\/02\/20200215_190624_resize-768x432.jpg 768w, https:\/\/pgdbegunje.si\/wp-content\/uploads\/2020\/02\/20200215_190624_resize-1536x864.jpg 1536w, https:\/\/pgdbegunje.si\/wp-content\/uploads\/2020\/02\/20200215_190624_resize.jpg 1920w\" sizes=\"auto, (max-width: 1024px) 100vw, 1024px\" \/><\/a><\/figure><\/div>\n\n\n\n<p class=\"has-text-align-right\">foto Obreza M.<\/p>\n","protected":false},"excerpt":{"rendered":"<p>15.2. ob 18. uri je dru\u0161tvo organiziralo redni letni Ob\u010dni zbor. Prebrana so bila poro\u010dila,&#8230;<\/p>\n","protected":false},"author":7,"featured_media":0,"comment_status":"closed","ping_status":"closed","sticky":false,"template":"","format":"standard","meta":{"footnotes":""},"categories":[1],"tags":[53,52,51],"class_list":["post-428","post","type-post","status-publish","format-standard","hentry","category-brez","tag-anton-rozanc","tag-castni-clan","tag-obcni-zbor"],"_links":{"self":[{"href":"https:\/\/pgdbegunje.si\/index.php?rest_route=\/wp\/v2\/posts\/428","targetHints":{"allow":["GET"]}}],"collection":[{"href":"https:\/\/pgdbegunje.si\/index.php?rest_route=\/wp\/v2\/posts"}],"about":[{"href":"https:\/\/pgdbegunje.si\/index.php?rest_route=\/wp\/v2\/types\/post"}],"author":[{"embeddable":true,"href":"https:\/\/pgdbegunje.si\/index.php?rest_route=\/wp\/v2\/users\/7"}],"replies":[{"embeddable":true,"href":"https:\/\/pgdbegunje.si\/index.php?rest_route=%2Fwp%2Fv2%2Fcomments&post=428"}],"version-history":[{"count":6,"href":"https:\/\/pgdbegunje.si\/index.php?rest_route=\/wp\/v2\/posts\/428\/revisions"}],"predecessor-version":[{"id":436,"href":"https:\/\/pgdbegunje.si\/index.php?rest_route=\/wp\/v2\/posts\/428\/revisions\/436"}],"wp:attachment":[{"href":"https:\/\/pgdbegunje.si\/index.php?rest_route=%2Fwp%2Fv2%2Fmedia&parent=428"}],"wp:term":[{"taxonomy":"category","embeddable":true,"href":"https:\/\/pgdbegunje.si\/index.php?rest_route=%2Fwp%2Fv2%2Fcategories&post=428"},{"taxonomy":"post_tag","embeddable":true,"href":"https:\/\/pgdbegunje.si\/index.php?rest_route=%2Fwp%2Fv2%2Ftags&post=428"}],"curies":[{"name":"wp","href":"https:\/\/api.w.org\/{rel}","templated":true}]}}