{"id":1658,"date":"2024-09-04T13:16:45","date_gmt":"2024-09-04T11:16:45","guid":{"rendered":"https:\/\/pgdbegunje.si\/?p=1658"},"modified":"2024-09-04T13:16:45","modified_gmt":"2024-09-04T11:16:45","slug":"srecanje-veteranov-v-okviru-gz-cerknica","status":"publish","type":"post","link":"https:\/\/pgdbegunje.si\/?p=1658","title":{"rendered":"Sre\u010danje veteranov v okviru GZ Cerknica"},"content":{"rendered":"\n<p>V nedeljo je potekalo sre\u010danje veteranov <strong>Gasilske zveze Cerknica<\/strong>, ki je tokrat potekalo v prostorih <strong>PGD Cerknica<\/strong>. <\/p>\n\n\n\n<p>Sre\u010danja so se udele\u017eili tudi trije na\u0161i gasilci. <\/p>\n\n\n\n<p>Ve\u010d o tem pa tukaj: <a href=\"https:\/\/www.facebook.com\/p\/Gasilska-zveza-Cerknica-61551098229534\/\">https:\/\/www.facebook.com\/p\/Gasilska-zveza-Cerknica-61551098229534\/<\/a><\/p>\n\n\n\n<figure class=\"wp-block-image size-large\"><img loading=\"lazy\" decoding=\"async\" width=\"1024\" height=\"683\" src=\"https:\/\/pgdbegunje.si\/wp-content\/uploads\/2024\/09\/SRECANJE-GASILSKIH-VETERANOV-11-FOTO-LJUBO-VUKELIC-1024x683.jpg\" alt=\"\" class=\"wp-image-1659\" srcset=\"https:\/\/pgdbegunje.si\/wp-content\/uploads\/2024\/09\/SRECANJE-GASILSKIH-VETERANOV-11-FOTO-LJUBO-VUKELIC-1024x683.jpg 1024w, https:\/\/pgdbegunje.si\/wp-content\/uploads\/2024\/09\/SRECANJE-GASILSKIH-VETERANOV-11-FOTO-LJUBO-VUKELIC-300x200.jpg 300w, https:\/\/pgdbegunje.si\/wp-content\/uploads\/2024\/09\/SRECANJE-GASILSKIH-VETERANOV-11-FOTO-LJUBO-VUKELIC-768x512.jpg 768w, https:\/\/pgdbegunje.si\/wp-content\/uploads\/2024\/09\/SRECANJE-GASILSKIH-VETERANOV-11-FOTO-LJUBO-VUKELIC-1536x1024.jpg 1536w, https:\/\/pgdbegunje.si\/wp-content\/uploads\/2024\/09\/SRECANJE-GASILSKIH-VETERANOV-11-FOTO-LJUBO-VUKELIC-2048x1365.jpg 2048w\" sizes=\"auto, (max-width: 1024px) 100vw, 1024px\" \/><figcaption class=\"wp-element-caption\"><img loading=\"lazy\" decoding=\"async\" height=\"16\" width=\"16\" src=\"https:\/\/static.xx.fbcdn.net\/images\/emoji.php\/v9\/tde\/1\/16\/1f4f8.png\" alt=\"&#x1f4f8;\">Ljubo Vukeli\u010d<\/figcaption><\/figure>\n\n\n\n<p><\/p>\n","protected":false},"excerpt":{"rendered":"<p>V nedeljo je potekalo sre\u010danje veteranov Gasilske zveze Cerknica, ki je tokrat potekalo v prostorih&#8230;<\/p>\n","protected":false},"author":6,"featured_media":0,"comment_status":"closed","ping_status":"","sticky":false,"template":"","format":"standard","meta":{"footnotes":""},"categories":[1],"tags":[22,176,173,228],"class_list":["post-1658","post","type-post","status-publish","format-standard","hentry","category-brez","tag-begunje","tag-gasilci","tag-gasilska-zveza-cerknica","tag-veterani"],"_links":{"self":[{"href":"https:\/\/pgdbegunje.si\/index.php?rest_route=\/wp\/v2\/posts\/1658","targetHints":{"allow":["GET"]}}],"collection":[{"href":"https:\/\/pgdbegunje.si\/index.php?rest_route=\/wp\/v2\/posts"}],"about":[{"href":"https:\/\/pgdbegunje.si\/index.php?rest_route=\/wp\/v2\/types\/post"}],"author":[{"embeddable":true,"href":"https:\/\/pgdbegunje.si\/index.php?rest_route=\/wp\/v2\/users\/6"}],"replies":[{"embeddable":true,"href":"https:\/\/pgdbegunje.si\/index.php?rest_route=%2Fwp%2Fv2%2Fcomments&post=1658"}],"version-history":[{"count":1,"href":"https:\/\/pgdbegunje.si\/index.php?rest_route=\/wp\/v2\/posts\/1658\/revisions"}],"predecessor-version":[{"id":1660,"href":"https:\/\/pgdbegunje.si\/index.php?rest_route=\/wp\/v2\/posts\/1658\/revisions\/1660"}],"wp:attachment":[{"href":"https:\/\/pgdbegunje.si\/index.php?rest_route=%2Fwp%2Fv2%2Fmedia&parent=1658"}],"wp:term":[{"taxonomy":"category","embeddable":true,"href":"https:\/\/pgdbegunje.si\/index.php?rest_route=%2Fwp%2Fv2%2Fcategories&post=1658"},{"taxonomy":"post_tag","embeddable":true,"href":"https:\/\/pgdbegunje.si\/index.php?rest_route=%2Fwp%2Fv2%2Ftags&post=1658"}],"curies":[{"name":"wp","href":"https:\/\/api.w.org\/{rel}","templated":true}]}}