{"id":1006,"date":"2023-09-17T16:32:09","date_gmt":"2023-09-17T14:32:09","guid":{"rendered":"https:\/\/pgdbegunje.si\/?p=1006"},"modified":"2023-09-17T16:35:21","modified_gmt":"2023-09-17T14:35:21","slug":"xviii-kongres-gasilske-zveze-slovenije-2023","status":"publish","type":"post","link":"https:\/\/pgdbegunje.si\/?p=1006","title":{"rendered":"XVIII. Kongres Gasilske zveze Slovenije 2023"},"content":{"rendered":"\n<figure class=\"wp-block-image size-full\"><img loading=\"lazy\" decoding=\"async\" width=\"1024\" height=\"150\" src=\"https:\/\/pgdbegunje.si\/wp-content\/uploads\/2023\/09\/Untitled-1.jpg\" alt=\"\" class=\"wp-image-1010\" srcset=\"https:\/\/pgdbegunje.si\/wp-content\/uploads\/2023\/09\/Untitled-1.jpg 1024w, https:\/\/pgdbegunje.si\/wp-content\/uploads\/2023\/09\/Untitled-1-300x44.jpg 300w, https:\/\/pgdbegunje.si\/wp-content\/uploads\/2023\/09\/Untitled-1-768x113.jpg 768w\" sizes=\"auto, (max-width: 1024px) 100vw, 1024px\" \/><\/figure>\n\n\n\n<p>V soboto, 7. oktobra, ob 15. uri bo potekala parada skozi mesto \u017dalec, zaklju\u010dna prireditev pa bo v \u0160portnem parku in na stadionu \u017dalec.<\/p>\n\n\n\n<p>Celoten program dogajanja najdete <strong><a href=\"https:\/\/gasilec.net\/wp-content\/uploads\/2023\/09\/program.pdf\" data-type=\"link\" data-id=\"https:\/\/gasilec.net\/wp-content\/uploads\/2023\/09\/program.pdf\">na tej povezavi.<\/a><\/strong> <\/p>\n\n\n\n<p>Vabljeni, da se udele\u017eite tudi vi, zanimivo in pestro dogajanje bo. Ve\u010d o samem dogajanju lahko spremljate <strong><a href=\"https:\/\/www.facebook.com\/xviii.kongresgzs\/?show_switched_toast=0&amp;show_invite_to_follow=0&amp;show_switched_tooltip=0&amp;show_podcast_settings=0&amp;show_community_transition=0&amp;show_community_review_changes=0&amp;show_community_rollback=0&amp;show_follower_visibility_disclosure=0\" data-type=\"link\" data-id=\"https:\/\/www.facebook.com\/xviii.kongresgzs\/?show_switched_toast=0&amp;show_invite_to_follow=0&amp;show_switched_tooltip=0&amp;show_podcast_settings=0&amp;show_community_transition=0&amp;show_community_review_changes=0&amp;show_community_rollback=0&amp;show_follower_visibility_disclosure=0\">TUKAJ<\/a>.<\/strong> <\/p>\n","protected":false},"excerpt":{"rendered":"<p>V soboto, 7. oktobra, ob 15. uri bo potekala parada skozi mesto \u017dalec, zaklju\u010dna prireditev&#8230;<\/p>\n","protected":false},"author":6,"featured_media":0,"comment_status":"closed","ping_status":"closed","sticky":false,"template":"","format":"standard","meta":{"footnotes":""},"categories":[1],"tags":[176,187,185],"class_list":["post-1006","post","type-post","status-publish","format-standard","hentry","category-brez","tag-gasilci","tag-gz-slovenije","tag-kongres"],"_links":{"self":[{"href":"https:\/\/pgdbegunje.si\/index.php?rest_route=\/wp\/v2\/posts\/1006","targetHints":{"allow":["GET"]}}],"collection":[{"href":"https:\/\/pgdbegunje.si\/index.php?rest_route=\/wp\/v2\/posts"}],"about":[{"href":"https:\/\/pgdbegunje.si\/index.php?rest_route=\/wp\/v2\/types\/post"}],"author":[{"embeddable":true,"href":"https:\/\/pgdbegunje.si\/index.php?rest_route=\/wp\/v2\/users\/6"}],"replies":[{"embeddable":true,"href":"https:\/\/pgdbegunje.si\/index.php?rest_route=%2Fwp%2Fv2%2Fcomments&post=1006"}],"version-history":[{"count":4,"href":"https:\/\/pgdbegunje.si\/index.php?rest_route=\/wp\/v2\/posts\/1006\/revisions"}],"predecessor-version":[{"id":1012,"href":"https:\/\/pgdbegunje.si\/index.php?rest_route=\/wp\/v2\/posts\/1006\/revisions\/1012"}],"wp:attachment":[{"href":"https:\/\/pgdbegunje.si\/index.php?rest_route=%2Fwp%2Fv2%2Fmedia&parent=1006"}],"wp:term":[{"taxonomy":"category","embeddable":true,"href":"https:\/\/pgdbegunje.si\/index.php?rest_route=%2Fwp%2Fv2%2Fcategories&post=1006"},{"taxonomy":"post_tag","embeddable":true,"href":"https:\/\/pgdbegunje.si\/index.php?rest_route=%2Fwp%2Fv2%2Ftags&post=1006"}],"curies":[{"name":"wp","href":"https:\/\/api.w.org\/{rel}","templated":true}]}}